{"id":567,"date":"2003-06-23T22:44:30","date_gmt":"2003-06-23T21:44:30","guid":{"rendered":"http:\/\/www.unionbanka.cz\/?p=567"},"modified":"2017-01-30T15:06:25","modified_gmt":"2017-01-30T14:06:25","slug":"grossing-urbaning-palasing","status":"publish","type":"post","link":"https:\/\/www.unionbanka.cz\/?p=567","title":{"rendered":"GROSSING URBANING PALASING"},"content":{"rendered":"<p>Hlavn\u00ed t\u00e9ma Nov\u00e9 cesty k prosazen\u00ed soukrom\u00fdch z\u00e1jm\u016f vedou p\u0159es resortn\u00ed ministry<\/p>\n<p>LOBBING 2003<br \/>\nKolem ka\u017ed\u00e9ho ministra je tak dva a\u017e p\u011bt &#8222;prodava\u010d\u016f a listono\u0161\u016f&#8220;. Je pr\u00fd t\u0159eba v\u011bd\u011bt, kdo co um\u00ed, kde pom\u00e1h\u00e1, kde naopak p\u016fsob\u00ed kontraproduktivn\u011b. Pokud tac\u00ed na ministerstvu nejsou, je t\u0159eba je vytvo\u0159it. Tak vysv\u011btluje nejmenovan\u00fd \u010desk\u00fd lobbista, jakou cestou prosazuje sv\u00e9 z\u00e1jmy v exekutiv\u011b. Za p\u0159\u00edklad ozna\u010duje podnikatele Vojt\u011bcha Sl\u00f3wika, \u0161edou eminenci ministerstva zem\u011bd\u011blstv\u00ed \u0159\u00edzen\u00e9ho Jaroslavem Palasem.<\/p>\n<p>Dostat se k Sl\u00f3wikovi ale nen\u00ed ofici\u00e1ln\u00ed cestou dost dob\u0159e mo\u017en\u00e9, jeliko\u017e &#8211; jak uv\u00e1d\u00ed mluv\u010d\u00ed ministerstva Martin Severa &#8211; v \u017e\u00e1dn\u00e9m (ofici\u00e1ln\u00edm) vztahu k \u00fa\u0159adu nen\u00ed, a on s\u00e1m pr\u00fd na n\u011bj telefon nezn\u00e1. P\u0159esto v\u0161ichni v\u011bd\u00ed, \u017ee slovo Sl\u00f3wika m\u00e1 v resortu v\u00e1hu. &#8222;S ministrem se v\u016fbec nemus\u00edte zn\u00e1t. Tato pr\u00e1ce nespo\u010d\u00edv\u00e1 v le\u0161t\u011bn\u00ed klik a v d\u00e1v\u00e1n\u00ed na odiv sv\u00fdch kontakt\u016f,&#8220; dod\u00e1v\u00e1 lobbista.<\/p>\n<p>Fanatick\u00fd milovn\u00edk informac\u00ed.<br \/>\nPremi\u00e9r Vladim\u00edr \u0160pidla m\u00e1 daleko ke sv\u00e9mu p\u0159edch\u016fdci Milo\u0161i Zemanovi, kter\u00fd dle pam\u011btn\u00edk\u016f ka\u017ed\u00e9ho, kdo po n\u011bm n\u011bco cht\u011bl, pos\u00edlal rovnou za &#8222;Mirkem&#8220; (my\u0161leno za Miroslavem \u0160loufem, \u0161\u00e9fem sboru jeho poradc\u016f), a\u0165 se s n\u00edm n\u011bjak dohodne. Za Zemana tak\u00e9 za\u010dal fungovat alibistick\u00fd syst\u00e9m, kdy vl\u00e1da hlasuje \u00fapln\u011b o v\u0161em, snad aby se n\u011bkter\u00e1 rozhodnut\u00ed ukryla za kolektivn\u00ed nezodpov\u011bdnost. \u0160pidl\u016fv t\u00fdm se a\u017e na v\u00fdjimky (ekonom Jaroslav Ungerman) jev\u00ed jako \u010dist\u011b servisn\u00ed a premi\u00e9r\u016fv velmi chladn\u00fd vztah ke v\u0161emu, co by zav\u00e1n\u011blo ovliv\u0148ov\u00e1n\u00edm, je v\u0161eobecn\u011b zn\u00e1m. Panuje dokonce n\u00e1zor, \u017ee \u0160pidla je nelobbovateln\u00fd a m\u00e1 panickou obavu z nav\u00e1z\u00e1n\u00ed vztahu. Jedna historka: Kdy\u017e pr\u00fd n\u011bkdej\u0161\u00ed gener\u00e1ln\u00ed \u0159editel televize Nova Vladim\u00edr \u017delezn\u00fd projevil p\u0159ed \u010dasem z\u00e1jem o sch\u016fzku se \u0160pidlou, premi\u00e9r jej podle nejmenovan\u00e9ho zdroje p\u0159ijal, potom t\u0159i \u010dtvrt\u011b hodiny v tichosti poslouchal a n\u00e1sledn\u011b pouze pravil: \u010cas na\u0161\u00ed sch\u016fzky vypr\u0161el&#8230; \u017delezn\u00fd m\u011bl pot\u00e9 o \u0160pidlovi prohl\u00e1sit, \u017ee je autista, s n\u00edm\u017e nen\u00ed mo\u017en\u00e9 norm\u00e1ln\u011b jednat. Je skute\u010dn\u011b nyn\u011bj\u0161\u00ed koali\u010dn\u00ed vl\u00e1da tak nepr\u016fst\u0159eln\u00e1? Zdaleka ne. Jenom se v\u0161e d\u011bje trochu jinak. &#8222;\u0160pidla je fanatick\u00fd milovn\u00edk informac\u00ed, o lidech a jejich vztaz\u00edch. Potom samoz\u0159ejm\u011b z\u00e1le\u017e\u00ed na tom, kdo mu je p\u0159ed\u00e1v\u00e1, v jak\u00e9 form\u011b, kter\u00e9 mu poskytuje, a kter\u00e9 nikoliv. I on je bezpochyby ovlivniteln\u00fd. M\u00e1m jednoho zn\u00e1m\u00e9ho, kter\u00fd to s n\u00edm v\u00e1l\u00ed docela zaj\u00edmav\u00fdm zp\u016fsobem, takov\u00fdm velmi agresivn\u00edm a neurval\u00fdm. \u0158ekne mu nap\u0159\u00edklad n\u011bco v tom smyslu, \u017ee je pitomec, proto\u017ee tohle ud\u011blal tak a ne tak, nebo si s\u00e1m ur\u010d\u00ed jedin\u00fd mo\u017en\u00fd term\u00edn sch\u016fzky. Kupodivu to na \u0160pidlu zab\u00edr\u00e1,&#8220; tvrd\u00ed jeden z p\u0159edn\u00edch &#8222;ovliv\u0148ova\u010d\u016f&#8220;, kter\u00fd v t\u011bchto choulostiv\u00fdch z\u00e1le\u017eitostech nechce b\u00fdt jmenov\u00e1n.<\/p>\n<p>V z\u00e1jmu st\u00e1tu.<br \/>\nJestli n\u011bkdo z lobbist\u016f Vladim\u00edra \u0160pidlu ale dob\u0159e osobn\u011b zn\u00e1, pak je to Andrej Sur\u0148ak. Jeho agentura Crane Consulting poskytovala loni &#8222;glob\u00e1ln\u00ed&#8220; slu\u017eby \u010cSSD b\u011bhem v\u00edt\u011bzn\u00e9 volebn\u00ed kampan\u011b. Vztah, kter\u00fd se tehdy vytvo\u0159il, p\u0159etrv\u00e1v\u00e1 dodnes. &#8222;Pro sou\u010dasn\u00e9ho premi\u00e9ra je bezpochyby jedn\u00edm z rozhoduj\u00edc\u00edch krit\u00e9ri\u00ed poctivost. V\u00edm o p\u0159\u00edpadech, kdy jedn\u00e1n\u00ed s n\u011bkter\u00fdmi kontroverzn\u00edmi lidmi odm\u00edtl, p\u0159i\u010dem\u017e to v\u016fbec nem\u011blo nic spole\u010dn\u00e9ho s rozd\u00edlnou politickou orientac\u00ed,&#8220; \u0159\u00edk\u00e1 Sur\u0148ak. &#8222;On sly\u0161\u00ed na jedin\u00fd argument: \u017de je ta v\u011bc v z\u00e1jmu zem\u011b. Potom je schopen argumentaci p\u0159ijmout a na z\u00e1klad\u011b toho jednat. Kdy\u017e ale p\u0159ijdete s n\u011b\u010d\u00edm jin\u00fdm, tak naraz\u00edte. A\u010dkoliv mu to v\u011bt\u0161inou trv\u00e1 dlouho &#8211; ostatn\u011b od \u017e\u00e1dn\u00e9ho introverta nelze \u010dekat rychlou reakci &#8211; sv\u016fj n\u00e1zor schopen zm\u011bnit bezesporu je,&#8220; sd\u011bluje Sur\u0148ak o sv\u00e9 post\u0159ehy.<\/p>\n<p>Politick\u00e9 esemesky.<br \/>\nPohled na \u0160pidlu op\u00edr\u00e1, jak \u0159\u00edk\u00e1, o &#8222;hodiny a hodiny&#8220; spole\u010dn\u00e9 komunikace. K operativn\u00ed komunikaci nejen se \u0160pidlou, ale i t\u0159eba se \u0161\u00e9fem sn\u011bmovny Zaor\u00e1lkem slou\u017e\u00ed Sur\u0148akovi mobiln\u00ed telefon, p\u0159edev\u0161\u00edm diskr\u00e9tn\u00ed SMS zpr\u00e1vy. Teprve kdy\u017e &#8222;ho\u0159\u00ed&#8220;, se pr\u00fd za\u010d\u00edn\u00e1 do telefonu mluvit a ur\u010duje se term\u00edn operativn\u00ed sch\u016fzky. &#8222;Esemesky se skv\u011ble osv\u011bd\u010dily v dob\u011b voleb. Vytvo\u0159ili jsme vlastn\u00ed interaktivn\u00ed syst\u00e9m pro krizovou komunikaci, kter\u00fd umo\u017enil sd\u00edlen\u00ed informac\u00ed s des\u00edtkami lid\u00ed. Dnes to vyu\u017e\u00edv\u00e1me pro komunikaci se \u010dleny kabinetu,&#8220; dopl\u0148uje Sur\u0148ak.<\/p>\n<p>Privatizace na vnitru.<br \/>\nChladn\u00fd vztah \u0160pidly k lobbist\u016fm vedl k tomu, \u017ee si lid\u00e9, kte\u0159\u00ed se sna\u017e\u00ed prosadit v politice sv\u00e9 z\u00e1jmy a z\u00e1jmy sv\u00fdch klient\u016f, na\u0161li n\u00e1hradn\u00ed trasy, jak c\u00edle dos\u00e1hnout. T\u00edm, kdo je hojn\u011b vyhled\u00e1v\u00e1n, je nepochybn\u011b m\u00edstop\u0159edseda \u010cSSD a ministr vnitra Stanislav Gross. Na tom se shoduje v\u011bt\u0161ina \u010desk\u00e9 lobbistick\u00e9 elity. &#8222;Gross je dnes ur\u010dit\u011b kl\u00ed\u010dov\u00fdm k\u00e1drov\u00e1kem ve st\u00e1t\u011b. Rozhoduje nejen o obsazen\u00ed funkc\u00ed v poslaneck\u00e9m klubu \u010cSSD, ale i na ministerstvu pr\u016fmyslu, v Telecomu, \u010cepru, v \u010cEZ, \u0160kod\u011b Praha&#8230; \u0160pidla tohle v\u016fbec ne\u0159e\u0161\u00ed, to jde \u00fapln\u011b mimo n\u011bj,&#8220; \u0159\u00edk\u00e1 jeden z osloven\u00fdch. Gross dr\u017e\u00ed palec i nad privatizac\u00ed a byznysmeni pova\u017euj\u00ed za naprosto nezbytn\u00e9 vyjedn\u00e1vat pr\u00e1v\u011b s n\u00edm. I ministr vnitra m\u00e1 v\u0161ak kolem sebe lidi, kter\u00fdm naslouch\u00e1. Pat\u0159\u00ed k nim nymbursk\u00fd pr\u00e1vn\u00edk Miroslav Jansta, zbroja\u0159 z Omnipolu Pavel Musela, b\u00fdval\u00fd n\u00e1m\u011bstek z ministerstva pr\u016fmyslu a obchodu Robert S\u00fdkora a nepochybn\u011b i Miroslav Forman, kter\u00fd na ministerstvu p\u016fsob\u00ed jako poradce na \u010d\u00e1ste\u010dn\u00fd \u00favazek p\u0159es informa\u010dn\u00ed technologie (mimo jin\u00e9 tak\u00e9 zastupuje vnitro v meziresortn\u00ed pracovn\u00ed skupin\u011b pro Telecom, kter\u00e9 \u0161\u00e9fuje Vladim\u00edr Mlyn\u00e1\u0159).<\/p>\n<p>Talent od p\u00e1naboha.<br \/>\nForman, n\u011bkdej\u0161\u00ed majitel reklamn\u00ed a public relations agentury Elisa, dnes u\u017e &#8222;pouh\u00fd&#8220; zam\u011bstnanec v transformovan\u00e9 firm\u011b Elisa EMC Group, se s Grossem &#8211; jak s\u00e1m \u0159\u00edk\u00e1 &#8211; sezn\u00e1mil po volb\u00e1ch v roce 1998. Tehdy byl funkcion\u00e1\u0159em Asociace public relations agentur (APRA). &#8222;P\u0159ipravili jsme n\u011bjakou anal\u00fdzu a \u017e\u00e1dali jsme sn\u011bmovnu o koment\u00e1\u0159. Tehdy se ozval Gross, \u017ee ho ta problematika zaj\u00edm\u00e1,&#8220; popisuje sezn\u00e1men\u00ed. N\u00e1sledn\u011b se stal Grossov\u00fdm poradcem. &#8222;P\u0159ipou\u0161t\u00edm, \u017ee m\u00e1m na n\u011bj n\u011bjak\u00fd vliv, ale to je p\u0159ece norm\u00e1ln\u00ed. Nikdy jsem ho k ni\u010demu nep\u0159emlouval. Ani sch\u016fzky mu nedomlouv\u00e1m, ty p\u0159\u00edpady, kdy jsem ji domluvil, by se daly spo\u010d\u00edtat na prstech jedn\u00e9 ruky. To je tak\u00e9 strop, kter\u00fd jsme si s Grossem vz\u00e1jemn\u011b dali, kdy\u017e po mn\u011b n\u011bkdo n\u011bco chce,&#8220; \u0159\u00edk\u00e1 o spolupr\u00e1ci s ministrem Forman, p\u0159i\u010dem\u017e pr\u00fd stranick\u00e9 \u010di rodinn\u00e9 z\u00e1le\u017eitosti spolu z\u00e1sadn\u011b ne\u0159e\u0161\u00ed. Gross jej ale respektuje v oblasti informa\u010dn\u00edch a komunika\u010dn\u00edch technologi\u00ed a tak\u00e9 v medi\u00e1ln\u00ed sf\u00e9\u0159e. &#8222;Nikdy jsem mu v\u0161ak ne\u0159\u00edkal, jak m\u00e1 v televizi vystupovat, co m\u00e1 \u0159\u00edkat. M\u00e1 pro tyto v\u011bci p\u0159irozen\u00fd talent, kter\u00e9ho bych j\u00e1 nikdy nedos\u00e1hl. M\u00e1 i talent od p\u00e1naboha v navazov\u00e1n\u00ed kontakt\u016f.&#8220; Z \u010desk\u00fdch lobbist\u016f vyzdvihuje Forman Andreje Sur\u0148aka, Jana Dobrovsk\u00e9ho a Vladim\u00edra Johanese. &#8222;Kdykoliv s n\u011b\u010d\u00edm tito t\u0159i p\u0159i\u0161li, tak to nikdy nebyla forma n\u00e1tlaku. Bylo to pouze t\u00e9ma a byli ochotni o tom jednat, diskutovat. Nikdy jsem nevid\u011bl negativn\u00ed reakci, kdy\u017e to nikam nevedlo,&#8220; uv\u00e1d\u00ed Forman.<\/p>\n<p>Lobbista ve st\u00e1tn\u00edch slu\u017eb\u00e1ch.<br \/>\nZmi\u0148ovan\u00fd Vladim\u00edr Johanes je dnes v podobn\u00e9m postaven\u00ed jako Forman. Mu\u017e zn\u00e1m\u00fd jako dlouholet\u00fd jednatel americk\u00e9 skupiny Grey v \u010cesk\u00e9 republice, zab\u00fdvaj\u00edc\u00ed se reklamou a celou oblast\u00ed komunika\u010dn\u00edch slu\u017eeb, postupn\u011b opustil v\u0161echny v\u00fdkonn\u00e9 funkce a nechal se &#8222;naverbovat&#8220; do st\u00e1tn\u00edch slu\u017eeb. Od dubna p\u016fsob\u00ed jako extern\u00ed poradce ministra pr\u016fmyslu Milana Urbana. &#8222;Po ur\u010dit\u00e9 dob\u011b je t\u0159eba ud\u011blat v kari\u00e9\u0159e zm\u011bnu. Bu\u010f jdete d\u00e1le nahoru, nebo se sna\u017e\u00edte postavit na vlastn\u00ed nohy. Zvolil jsem to druh\u00e9,&#8220; \u0159\u00edk\u00e1 Johanes. Ministerstvo, v n\u011bm\u017e m\u00e1 na starosti celou medi\u00e1ln\u00ed oblast, problematiku Moravskoslezsk\u00e9ho kraje a zahrani\u010dn\u00ed aktivity (nyn\u00ed hlavn\u011b ve vztahu k Ir\u00e1ku), ale nen\u00ed hlavn\u00edm zdrojem jeho ob\u017eivy. S\u00e1m \u0159\u00edk\u00e1, \u017ee za pr\u00e1ci pro Urbana bere deset tis\u00edc hrub\u00e9ho m\u011bs\u00ed\u010dn\u011b. Druhou nohou, z n\u00ed\u017e \u010derp\u00e1 p\u0159\u00edjmy, jsou aktivity v Rusku. U\u017e od lo\u0148sk\u00e9ho roku pom\u00e1h\u00e1 sh\u00e1n\u011bt zak\u00e1zky pro n\u011bkter\u00e9 \u010desk\u00e9 podniky. Konkr\u00e9tn\u011b nap\u0159\u00edklad pro plze\u0148skou \u0160kodu \u010di Chiranu. &#8222;L\u00e9t\u00e1m do Moskvy tak jednou za t\u0159i t\u00fddny a m\u00e1 pr\u00e1ce spo\u010d\u00edv\u00e1 v identifikaci zak\u00e1zek a pomoci s financov\u00e1n\u00edm,&#8220; uv\u00e1d\u00ed. Do budoucna &#8211; a\u017e skon\u010d\u00ed na ministerstvu &#8211; m\u00e1 je\u0161t\u011b v \u00famyslu zapojit se mana\u017eersky do n\u011bkter\u00fdch revitaliza\u010dn\u00edch a &#8222;venture&#8220; kapit\u00e1lov\u00fdch projekt\u016f.<\/p>\n<p>Neu\u0161kod\u00ed mi to.<br \/>\nJohanes byl od sv\u00e9ho vstupu na ministerstvo spojov\u00e1n i s \u017e\u00e1dost\u00ed T\u0159ineck\u00fdch \u017eelez\u00e1ren o st\u00e1tn\u00ed pomoc ve v\u00fd\u0161i dvou miliard korun (v t\u00e9to z\u00e1le\u017eitosti minul\u00fd t\u00fdden jednal ministr Urban v Bruselu). Spojitost s jeho osobou se p\u0159\u00edmo nab\u00edz\u00ed: nad\u00e1le je veden v dozor\u010d\u00ed rad\u011b spole\u010dnosti Moravia Steel, majoritn\u00edho akcion\u00e1\u0159e \u017eelez\u00e1ren, a tak\u00e9 jako p\u0159edseda p\u0159edstavenstva spole\u010dnosti AB Barrandov, kter\u00e1 do t\u0159ineck\u00e9ho imp\u00e9ria takt\u00e9\u017e pat\u0159\u00ed. &#8222;Z obou funkc\u00ed jsem po dohod\u011b s ministrem u\u017e ode\u0161el. Materi\u00e1l o pomoci T\u0159inci byl p\u0159ipraven je\u0161t\u011b v dob\u011b, kdy jsme tam j\u00e1 ani Urban nebyli. Osobn\u011b si ale mysl\u00edm, \u017ee T\u0159inci ty pen\u00edze pat\u0159\u00ed, kdy\u017e je dostaly ostatn\u00ed severomoravsk\u00e9 hutn\u00ed podniky,&#8220; poznamen\u00e1v\u00e1 ve st\u00e1tn\u00edch slu\u017eb\u00e1ch p\u016fsob\u00edc\u00ed lobbista Johanes. P\u0159esto\u017ee \u0159ada lid\u00ed pova\u017euje Johanes\u016fv n\u00e1stup do \u00fa\u0159adu za chybn\u00fd a neuv\u00e1\u017een\u00fd krok, on s\u00e1m se neboj\u00ed, \u017ee by mu anga\u017em\u00e1 v apar\u00e1tu soci\u00e1ln\u011bdemokratick\u00e9ho ministra mohlo profesn\u011b ubl\u00ed\u017eit. &#8222;Svou budoucnost stejn\u011b nevid\u00edm v lobbingu. Zaj\u00edm\u00e1 m\u011b Moskva a venture kapit\u00e1lov\u00e9 projekty. Mysl\u00edm si, \u017ee u lid\u00ed, kte\u0159\u00ed m\u011b dob\u0159e znaj\u00ed, kredit neztrat\u00edm.&#8220;<\/p>\n<p>Kuzmiak velvyslancem v Manile?<br \/>\nVe st\u00e1tn\u00edch slu\u017eb\u00e1ch by se mohl ocitnout i dal\u0161\u00ed p\u0159edn\u00ed \u010desk\u00fd lobbista &#8211; Michal Kuzmiak. T\u00fdden\u00edk EURO m\u00e1 ze dvou zdroj\u016f informace o tom, \u017ee jej v minul\u00fdch t\u00fddnech nominoval na post velvyslance ve filip\u00ednsk\u00e9 Manile ministr zahrani\u010d\u00ed Cyril Svoboda. Prezident V\u00e1clav Klaus se v prvn\u00ed reakci \u00fadajn\u011b vyj\u00e1d\u0159il proti, ale jmenov\u00e1n\u00ed je pr\u00fd nad\u00e1le ve h\u0159e. &#8222;Nic o tom nev\u00edm,&#8220; reagoval Michal Kuzmiak velmi stroze na p\u0159\u00edm\u00fd dotaz. &#8222;Plat\u00ed obecn\u00e9 pravidlo, \u017ee k t\u011bmto v\u011bcem se nevyjad\u0159ujeme, dokud nen\u00ed velvyslanec ofici\u00e1ln\u011b jmenov\u00e1n,&#8220; prohla\u0161uje prezident\u016fv mluv\u010d\u00ed Tom\u00e1\u0161 Klva\u0148a. Kuzmiak m\u00e1 z pohledu Klause jeden velk\u00fd \u0161kraloup, jeho\u017e p\u0159ehl\u00e9dnut\u00ed by pro prezidenta znamenalo velk\u00e9 sebezap\u0159en\u00ed. Kdysi toti\u017e zmi\u0148ovan\u00fd lobbista pracoval pro ODS, ov\u0161em na konci roku 1997, v historick\u00e9m okam\u017eiku &#8222;sarajevsk\u00e9ho atent\u00e1tu&#8220;, se p\u0159iklonil k protiklausovsk\u00e9mu k\u0159\u00eddlu. Prohl\u00e1sil, \u017ee veden\u00ed ODS ji\u017e od roku 1996 v\u011bd\u011blo o tom, \u017ee strani\u010dt\u00ed sponzo\u0159i B\u00e1cs a Sinha jsou fale\u0161n\u00ed a skute\u010dn\u00fdm d\u00e1rcem pen\u011bz je podnikatel Milan \u0160rejber. Dva n\u00e1sleduj\u00edc\u00ed roky se z p\u0159\u00edm\u00e9ho kontaktu se sv\u011btem politiky vzpamatov\u00e1val a dnes &#8211; pokud ve\u0159ejn\u011b vystupuje &#8211; si d\u00e1v\u00e1 velk\u00fd pozor na \u00fasta. Kuzmiak\u016fv odchod z byznysu do diplomatick\u00fdch slu\u017eeb by pro mnoh\u00e9 byl obrovsk\u00fdm p\u0159ekvapen\u00edm. V lo\u0148sk\u00e9m a p\u0159edlo\u0148sk\u00e9m roce se pod\u00edlel na nejv\u011bt\u0161\u00edch obchodn\u00edch transakc\u00edch. Pracoval nap\u0159\u00edklad pro Deutsche Bank p\u0159i prodeji \u010cesk\u00fdch radiokomunikac\u00ed a n\u00e1sledn\u011b pro stejn\u00e9ho klienta p\u0159i nepoveden\u00e9 doprivatizaci \u010cesk\u00e9ho Telecomu. Dle dostupn\u00fdch informac\u00ed v obou p\u0159\u00edpadech \u00fazce spolupracoval s finan\u010dn\u00edkem Zde\u0148kem Bakalou, n\u011bkdej\u0161\u00edm \u0161\u00e9fem a spolumajitelem Patria Finance (takt\u00e9\u017e sv\u00fdm zp\u016fsobem lobbistou).<\/p>\n<p>Moravsk\u00e1 ocel pro britsk\u00e9 k\u0159i\u017en\u00edky.<br \/>\nDal\u0161\u00edm obrovsk\u00fdm (a neuskute\u010dn\u011bn\u00fdm) projektem, na n\u011bm\u017e Kuzmiak participoval, byl n\u00e1kup st\u00edha\u010dek Gripen od britsko-\u0161v\u00e9dsk\u00e9ho konsorcia BAE Systems pro \u010deskou arm\u00e1du. Byl ale pouze sou\u010d\u00e1st\u00ed \u0161ir\u0161\u00ed lobbistick\u00e9 aliance, kter\u00e1 se pro podporu n\u00e1kupu utvo\u0159ila. Dostupn\u00e9 informace \u0159\u00edkaj\u00ed, \u017ee v jej\u00edm \u010dele st\u00e1l zbroja\u0159 z Omnipolu Richard H\u00e1va, jinak tak\u00e9 p\u0159\u00edtel vlivn\u00e9ho m\u00edstop\u0159edsedy lidovc\u016f Miroslava Kalouska. Jin\u00ed ale tvrd\u00ed, \u017ee H\u00e1v\u016fv vztah ke BAE Systems byl \u010dist\u011b obchodn\u00ed a \u017e\u00e1dn\u00fd lobbistick\u00fd kontrakt podeps\u00e1n nem\u011bl. Do ob\u0159\u00edho leteck\u00e9ho obchodu se v\u0161ak zapojili t\u00e9m\u011b\u0159 v\u0161ichni, kdo um\u011bj\u00ed tahat za nitky \u010desk\u00e9ho hospod\u00e1\u0159stv\u00ed. N\u011bkte\u0159\u00ed ho podporovali, jin\u00ed byli proti. Anga\u017eoval se i podnikatel a lobbista &#8222;na voln\u00e9 noze&#8220; Martin Ul\u010d\u00e1k, spojovan\u00fd p\u0159edev\u0161\u00edm s \u010dinnost\u00ed makl\u00e9\u0159sk\u00e9 spole\u010dnosti Atlanta Safe. &#8222;Je pravda, \u017ee jsme se o gripeny zaj\u00edmali, ale hlavn\u011b kv\u016fli offsetov\u00fdm program\u016fm s dovozem st\u00edha\u010dek spojen\u00fdm. V jejich r\u00e1mci by toti\u017e bylo mo\u017en\u00e9 vyv\u00e1\u017eet severomoravskou ocel a vyu\u017e\u00edt ji k v\u00fdrob\u011b britsk\u00fdch k\u0159i\u017en\u00edk\u016f,&#8220; \u0159\u00edk\u00e1 Ul\u010d\u00e1k, kter\u00fd nikdy nepop\u00edral sv\u016fj z\u00e1jem o \u010desk\u00e9 hut\u011b, doly a energetiku. Do debat o gripenech se zapojil i Milan Velek, n\u011bkdej\u0161\u00ed mana\u017eer z Centrotexu a jeden z vlivn\u00fdch &#8222;byznysov\u00fdch&#8220; p\u0159\u00e1tel V\u00e1clava Klause. &#8222;N\u011bjak\u00e9 negociace prob\u011bhly, ale m\u016fj n\u00e1zor na st\u00edha\u010dky byl toto\u017en\u00fd s postojem Ob\u010dansk\u00e9 demokratick\u00e9 strany: gripeny nekupovat, pokud n\u011bjak\u00e9 st\u00edha\u010dky, tak sp\u00ed\u0161e americk\u00e9 v\u00fdroby. Gripeny tla\u010dili lid\u00e9 kolem \u010cSSD a lidovc\u016f,&#8220; poznamen\u00e1v\u00e1 Velek. Dod\u00e1v\u00e1, \u017ee do \u017e\u00e1dn\u00fdch svazk\u016f s nyn\u011bj\u0161\u00ed vl\u00e1dn\u00ed koalic\u00ed se nepou\u0161t\u00ed. &#8222;Jsem velice \u0161\u0165astn\u00fd, \u017ee V\u00e1clav Klaus je prezidentem a ODS m\u00e1 tak vysok\u00e9 preference. Vlastn\u011b nikoho ze sou\u010dasn\u00e9 vl\u00e1dy ani nezn\u00e1m a nevzpom\u00edn\u00e1m si, \u017ee bych si s n\u011bk\u00fdm s ministr\u016f pot\u0159\u00e1sl n\u011bkde rukou,&#8220; hovo\u0159\u00ed Milan Velek o sv\u00e9 nyn\u011bj\u0161\u00ed lobbistick\u00e9 ne\u010dinnosti. &#8222;Jsem ale spokojen\u00fd, m\u00e1m sv\u00e9 dlouhodob\u00e9 obchodn\u00ed partnery,&#8220; nezapomene poznamenat.<\/p>\n<p>Podpora reformy.<br \/>\nSou\u010dasn\u00e1 \u010desk\u00e1 politika jako by prostor pro velk\u00fd lobbing zcela postr\u00e1dala. Privatizace ustrnula, velk\u00e9 st\u00e1tn\u00ed zak\u00e1zky (n\u00e1kup st\u00edha\u010dek \u010di v\u00fdstavba ostravsk\u00e9 d\u00e1lnice D47) tak\u00e9. Zb\u00fdvaj\u00ed pouze m\u00e9n\u011b finan\u010dn\u011b atraktivn\u00ed pr\u00e1ce, nap\u0159\u00edklad v oblasti z\u00e1konod\u00e1rstv\u00ed. Kupodivu v\u0161ak lobbing m\u016f\u017ee fungovat i v oblastech, kde by to b\u011b\u017en\u00fd ob\u010dan ne\u010dekal, reformu ve\u0159ejn\u00fdch financ\u00ed nevyj\u00edmaje. &#8222;N\u011bkter\u00e9 siln\u00e9 ekonomick\u00e9 skupiny nyn\u00ed podporuj\u00ed snahy o razantn\u00ed reformu a vytv\u00e1\u0159ej\u00ed atmosf\u00e9ru, \u017ee je to dobr\u00e1 v\u011bc. D\u011blaj\u00ed to zcela pragmaticky &#8211; na podporu prostoru, kde svou ekonomickou s\u00edlu z\u00edskaly a kde cht\u011bj\u00ed d\u00e1le p\u016fsobit,&#8220; dokl\u00e1d\u00e1 Michal Kuzmiak sv\u00e9 tvrzen\u00ed, \u017ee po\u0159\u00e1d je co lobbovat. Nastupuje uhl\u00ed a petrochemie. P\u0159esto\u017ee na poli privatizace panuje sp\u00ed\u0161e rozmarn\u00e9 l\u00e9to spojen\u00e9 s nicned\u011bl\u00e1n\u00edm, jsou dv\u011b akce na obzoru: Op\u011btovn\u00fd prodej Unipetrolu a chystan\u00fd prodej pod\u00edl\u016f st\u00e1tu v Severo\u010desk\u00fdch dolech Chomutov a v Sokolovsk\u00e9 uheln\u00e9. O Unipetrol se znovu chce uch\u00e1zet Agrofert podnikatele Andreje Babi\u0161e, kter\u00fd loni z u\u017e schv\u00e1len\u00e9ho prodeje vycouval. Babi\u0161 je jedn\u00edm z podnikatel\u016f, kte\u0159\u00ed maj\u00ed dostate\u010dnou s\u00edlu na to, aby za sv\u00e9 z\u00e1jmy lobbovali sami bez ciz\u00ed pomoci. Ke sv\u00fdm c\u00edl\u016fm vyu\u017e\u00edv\u00e1 nadstandardn\u00edch kontakt\u016f na ministra vnitra Grosse, o jeho\u017e v\u00fdznamu ji\u017e byla \u0159e\u010d. V p\u0159\u00edpad\u011b hn\u011bdouheln\u00fdch dol\u016f panuje mezi \u010desk\u00fdmi byznysmeny p\u0159esv\u011bd\u010den\u00ed, \u017ee pravidla p\u0159ipravovan\u00e9ho tendru jsou u\u0161ita p\u0159esn\u011b na m\u00edru Appian Group Anton\u00edna Kol\u00e1\u010dka, kter\u00e1 u\u017e ovl\u00e1d\u00e1 Mosteckou uhelnou a nyn\u00ed chce koupit i Severo\u010desk\u00e9 doly. Pro Kol\u00e1\u010dka pracuje zn\u00e1m\u00fd lobbista Jan Dobrovsk\u00fd z pra\u017esk\u00e9 kancel\u00e1\u0159e Becker &amp; Poliakoff a rovn\u011b\u017e tak vlivn\u00e1 pr\u00e1vn\u00ed kancel\u00e1\u0159 Pokorn\u00fd, Wagner &amp; spol. O doly se ov\u0161em zaj\u00edmali dal\u0161\u00ed, nap\u0159\u00edklad Martin Ul\u010d\u00e1k. &#8222;Byl jsem pro mana\u017eerskou privatizaci dol\u016f,&#8220; p\u0159ipou\u0161t\u00ed. V p\u0159\u00edpad\u011b Sokolovsk\u00e9 uheln\u00e9 se mana\u017eersk\u00e1 privatizace r\u00fdsuje, tud\u00ed\u017e i Ul\u010d\u00e1k by mohl b\u00fdt spokojen. Srde\u010dn\u00ed z\u00e1le\u017eitost. Pro Jana Dobrovsk\u00e9ho ale nen\u00ed Kol\u00e1\u010dek a jeho Appian jedin\u00fdm v\u00fdznamn\u00fdm klientem, a\u010dkoliv s\u00e1m o tomto projektu hovo\u0159\u00ed jako o sv\u00e9 &#8222;srde\u010dn\u00ed z\u00e1le\u017eitosti&#8220;, kde finan\u010dn\u00ed odm\u011bnu nebere jako to nejd\u016fle\u017eit\u011bj\u0161\u00ed. Je zn\u00e1m p\u0159edev\u0161\u00edm svou dlouhodobou prac\u00ed pro veden\u00ed \u010cSOB, s jeho\u017e po\u017eehn\u00e1n\u00edm se loni pustil do vyjedn\u00e1v\u00e1n\u00ed s &#8222;nezbedn\u00fdm&#8220; klientem banky, \u00fasteckou Setuzou. O ur\u010dit\u00e9 spjatosti s lidmi z okol\u00ed Setuzy m\u016f\u017ee sv\u011bd\u010dit i informace z dob\u0159e informovan\u00fdch zdroj\u016f, \u017ee se Dobrovsk\u00fd zapojil do diskus\u00ed ohledn\u011b z\u00e1chrany ostravsk\u00e9 Union banky. Tyto zdroje uv\u00e1d\u011bj\u00ed, \u017ee n\u011bkolik hodin p\u0159edt\u00edm, ne\u017e podnikatel\u00e9 bl\u00edzc\u00ed Setuze na konci leto\u0161n\u00edho \u00fanora vy\u0161li na ve\u0159ejnost se sv\u00fdm &#8222;z\u00e1chrann\u00fdm&#8220; pl\u00e1nem, se Dobrovsk\u00fd z\u00fa\u010dastnil sch\u016fzky, na n\u00ed\u017e byli Ital Paolo Catalfamo ze spole\u010dnosti Invesmart a Tom\u00e1\u0161 Pitr s Franti\u0161kem Mr\u00e1zkem &#8211; dva bossov\u00e9 spole\u010denstv\u00ed firem kolem Setuzy. &#8222;O tom, co se d\u011bje v Union bance, jsem sice m\u011bl n\u011bjak\u00e9 informace, ale zcela ur\u010dit\u011b jsem se v tom nijak osobn\u011b neanga\u017eoval,&#8220; prohla\u0161uje lobbista. Jan Dobrovsk\u00fd pat\u0159\u00ed k t\u011bm, kte\u0159\u00ed maj\u00ed hodn\u011b bl\u00edzko k resortn\u00edm ministr\u016fm. V jeho p\u0159\u00edpad\u011b jde o Vladim\u00edra Mlyn\u00e1\u0159e. Na ministerstvu informatiky dokonce pracuje na postu n\u00e1m\u011bstka jeho man\u017eelka Dana B\u00e9rov\u00e1. &#8222;Neboj\u00edm se \u0159\u00edct, \u017ee jedu na dovolenou s Vl\u00e1\u010fou Mlyn\u00e1\u0159em, proto\u017ee s n\u00edm jezd\u00edm na dovolenou dvacet let. Je to m\u016fj nejlep\u0161\u00ed p\u0159\u00edtel a nebudu to tajit proto, \u017ee je zrovna poslancem, a jezdit s n\u00edm na zap\u0159enou, abychom se sch\u00e1zeli n\u011bkde na leti\u0161ti v Pa\u0159\u00ed\u017ei a potom spolu let\u011bli d\u00e1l,&#8220; \u0159ekl t\u00fdden\u00edku EURO loni 11. b\u0159ezna. Tehdy byl je\u0161t\u011b Vladim\u00edr Mlyn\u00e1\u0159 \u0159adov\u00fdm \u010dlenem sn\u011bmovny. Jak ale dnes Dobrovsk\u00fd prohla\u0161uje, sv\u00e9ho d\u016fv\u011brn\u00e9ho kontaktu na \u010dlena vl\u00e1dy nijak nevyu\u017e\u00edv\u00e1. &#8222;Do ministerstva informatiky se v\u016fbec nepletu a pl\u00e9st nebudu, i kdyby m\u011b o to Vl\u00e1\u010fa \u017e\u00e1dal. S\u00e1m sob\u011b jsem si to zak\u00e1zal. Co se t\u00fd\u010de m\u00e9 \u017eeny, byl jsem proti tomu, aby tam \u0161la, ale je nez\u00e1visl\u00e1, samostatn\u00e1, finan\u010dn\u011b sob\u011bsta\u010dn\u00e1&#8230; Nemohu j\u00ed p\u0159ece br\u00e1nit,&#8220; dod\u00e1v\u00e1.<\/p>\n<p>Herci a kulisy.<br \/>\nJeden z \u010desk\u00fdch lobbist\u016f o metod\u00e1ch sv\u00e9 pr\u00e1ce \u0159\u00edk\u00e1: &#8222;Kdy\u017e to m\u00e1te vymy\u0161len\u00e9, nalinkovan\u00e9, tak se potom p\u00ed\u0161e sc\u00e9n\u00e1\u0159. Kresl\u00ed se v\u00fdvojov\u00e9 diagramy, vyb\u00edraj\u00ed se herci a kulisy. Nejhez\u010d\u00ed je, kdy\u017e v\u00edte, \u017ee patn\u00e1ct kilometr\u016f od v\u00e1s n\u011bkdo n\u011bco d\u011bl\u00e1 a v\u016fbec netu\u0161\u00ed, pro\u010d to d\u011bl\u00e1 a \u010demu to m\u00e1 slou\u017eit.&#8220; A sm\u011bje se.<\/p>\n<p>Tonda Kol\u00e1\u010dek to buduje jak archu Noemovu &#8211; od ka\u017ed\u00e9ho zv\u00ed\u0159ete jeden kus<br \/>\n(\u010desk\u00fd lobbista o tom, jak \u0161\u00e9f Appian Group naj\u00edm\u00e1 lobbisty)<\/p>\n<p>S politiky m\u00e1m dobr\u00e9 vztahy<br \/>\nPrezident mi bere mobil rychleji ne\u017e Standa<br \/>\n(\u010desk\u00fd lobbista)<\/p>\n<p>Na ka\u017ed\u00fd v\u011bt\u0161\u00ed projekt vytv\u00e1\u0159\u00edme alianci.<br \/>\nObvykle se uzav\u00edr\u00e1 pouze pod\u00e1n\u00edm ruky. Nositelem mand\u00e1tu, kter\u00fd m\u00e1 podepsanou smlouvu s klientem &#8211; ta b\u00fdv\u00e1 a\u017e stostr\u00e1nkov\u00e1 &#8211; je ale pouze jeden z n\u00e1s.<br \/>\n(\u010desk\u00fd lobbista)<\/p>\n<p>Cht\u011bl byste posn\u00eddat s pape\u017eem?<br \/>\nP\u0159es italsk\u00e9 k\u0159es\u0165ansk\u00e9 demokraty bych to um\u011bl za\u0159\u00eddit. Sch\u016fzka s Gorba\u010dovem nebo s Chirakem by tak\u00e9 nem\u011bla b\u00fdt probl\u00e9m.<br \/>\n(\u010desk\u00fd lobbista)<\/p>\n<p>Tak mu odst\u0159elili Zelen\u00e9ho&#8230;<br \/>\nA on m\u011bl do n\u011bj tolik nainvestov\u00e1no&#8230;<br \/>\n(\u010desk\u00fd lobbista na za\u010d\u00e1tku b\u0159ena leto\u0161n\u00edho roku l\u00edtostiv\u011b o kolegovi Vladim\u00edru Johanesovi, kdy\u017e byl odvol\u00e1n gener\u00e1ln\u00ed \u0159editel \u010cesk\u00fdch drah Dalibor Zelen\u00fd, pro n\u011bho\u017e Johanes pracoval)<\/p>\n<p>* * *<\/p>\n<p>&#8222;U\u017d \u010cTVRT ROKU JSEM NA SOB\u011a NEM\u011aL SAKO,&#8220; \u0159\u00edk\u00e1 Michal Kuzmiak. Potrp\u00ed si na uvoln\u011bn\u00fd styl v obl\u00e9k\u00e1n\u00ed. Pokud by se ale stal velvyslancem na Filip\u00edn\u00e1ch, asi by si na kravatu musel zvyknout.<\/p>\n<p>&#8222;M\u011aL JSEM v devades\u00e1t\u00fdch letech svoji motorku a p\u011bt let jsem na n\u00ed jezdil. Potom jsem ji prodal, ale l\u00e1ska k t\u011bmto stroj\u016fm nezmizela,&#8220; prohla\u0161uje Johanes.<\/p>\n<p>&#8222;NESTOJ\u00cdM O N\u011aJAKOU popularitu a n\u011bkdy bych nejrad\u011bji utekl n\u011bkam do lesa,&#8220; zdr\u00e1h\u00e1 se vystupovat na ve\u0159ejnosti Jan Dobrovsk\u00fd (na sn\u00edmku se sv\u00fdmi psy Erikem a Nielsem)<\/p>\n<p>Z\u0158EJM\u011a JEDIN\u00c1 novodob\u00e1 ve\u0159ejn\u011b dostupn\u00e1 fotogra fie n\u011bkdej\u0161\u00edho p\u0159edsedy \u00daV SSM, po\u0159\u00edzen\u00e1 p\u0159i k\u0159tu knihy Josefa Petr\u016f &#8222;Miroslav \u0160louf, d\u00e9mon je&#8220;. Martin Ul\u010d\u00e1k z kv\u011btna 2002.<\/p>\n<p>Zdroj: Euro<\/p>\n","protected":false},"excerpt":{"rendered":"<p>Hlavn\u00ed t\u00e9ma Nov\u00e9 cesty k prosazen\u00ed soukrom\u00fdch z\u00e1jm\u016f vedou p\u0159es resortn\u00ed ministry LOBBING 2003 Kolem ka\u017ed\u00e9ho ministra je tak dva a\u017e p\u011bt &#8222;prodava\u010d\u016f a listono\u0161\u016f&#8220;. Je pr\u00fd t\u0159eba v\u011bd\u011bt, kdo co um\u00ed, kde pom\u00e1h\u00e1, kde naopak p\u016fsob\u00ed kontraproduktivn\u011b. Pokud tac\u00ed na ministerstvu nejsou, je t\u0159eba je vytvo\u0159it. Tak vysv\u011btluje nejmenovan\u00fd \u010desk\u00fd lobbista, jakou cestou prosazuje\u2026 <span class=\"read-more\"><a href=\"https:\/\/www.unionbanka.cz\/?p=567\">Cel\u00fd \u010dl\u00e1nek &raquo;<\/a><\/span><\/p>\n","protected":false},"author":3,"featured_media":0,"comment_status":"closed","ping_status":"open","sticky":false,"template":"","format":"standard","meta":{"footnotes":""},"categories":[3],"tags":[],"_links":{"self":[{"href":"https:\/\/www.unionbanka.cz\/index.php?rest_route=\/wp\/v2\/posts\/567"}],"collection":[{"href":"https:\/\/www.unionbanka.cz\/index.php?rest_route=\/wp\/v2\/posts"}],"about":[{"href":"https:\/\/www.unionbanka.cz\/index.php?rest_route=\/wp\/v2\/types\/post"}],"author":[{"embeddable":true,"href":"https:\/\/www.unionbanka.cz\/index.php?rest_route=\/wp\/v2\/users\/3"}],"replies":[{"embeddable":true,"href":"https:\/\/www.unionbanka.cz\/index.php?rest_route=%2Fwp%2Fv2%2Fcomments&post=567"}],"version-history":[{"count":1,"href":"https:\/\/www.unionbanka.cz\/index.php?rest_route=\/wp\/v2\/posts\/567\/revisions"}],"predecessor-version":[{"id":936,"href":"https:\/\/www.unionbanka.cz\/index.php?rest_route=\/wp\/v2\/posts\/567\/revisions\/936"}],"wp:attachment":[{"href":"https:\/\/www.unionbanka.cz\/index.php?rest_route=%2Fwp%2Fv2%2Fmedia&parent=567"}],"wp:term":[{"taxonomy":"category","embeddable":true,"href":"https:\/\/www.unionbanka.cz\/index.php?rest_route=%2Fwp%2Fv2%2Fcategories&post=567"},{"taxonomy":"post_tag","embeddable":true,"href":"https:\/\/www.unionbanka.cz\/index.php?rest_route=%2Fwp%2Fv2%2Ftags&post=567"}],"curies":[{"name":"wp","href":"https:\/\/api.w.org\/{rel}","templated":true}]}}