{"id":656,"date":"2003-10-27T08:31:15","date_gmt":"2003-10-27T07:31:15","guid":{"rendered":"http:\/\/www.unionbanka.cz\/?p=656"},"modified":"2003-10-27T08:31:15","modified_gmt":"2003-10-27T07:31:15","slug":"catalfamo-se-prijel-zeptat-zda-se-s-nim-cr-nevyrovna","status":"publish","type":"post","link":"https:\/\/www.unionbanka.cz\/?p=656","title":{"rendered":"Catalfamo se p\u0159ijel zeptat, zda se s n\u00edm \u010cR nevyrovn\u00e1"},"content":{"rendered":"<p>Ani\u017e by byl ochoten prezentovat \u010desk\u00e9 stran\u011b argumenty pro sv\u00e9 po\u017eadavky, p\u0159ijel v p\u00e1tek jednat o p\u0159\u00edpadn\u00e9m ukon\u010den\u00ed sporu s \u010ceskou republikou \u0161\u00e9f Invesmartu Paolo Catalfamo. Invesmart zah\u00e1jil arbitr\u00e1\u017e v\u016f\u010di \u010cR kv\u016fli sv\u00e9 investici do Union Group, ovl\u00e1daj\u00edc\u00ed Union banku. <\/p>\n<p>Ta se nyn\u00ed po odebr\u00e1n\u00ed bankovn\u00ed licence nach\u00e1z\u00ed v konkursu a likvidaci. Invesmart odm\u00edtl cel\u00fd p\u0159\u00edpad \u010desk\u00e9 stran\u011b na p\u00e1te\u010dn\u00ed sch\u016fzce prezentovat, uvedl v tiskov\u00e9m prohl\u00e1\u0161en\u00ed medi\u00e1ln\u00ed z\u00e1stupce Invesmartu Michal Donath. <\/p>\n<p>&quot;P\u0159ijeli jsme zbyte\u010dn\u011b. Ve\u0161ker\u00e9 argumenty p\u0159edlo\u017e\u00edme arbitr\u00e1\u017en\u00edmu tribun\u00e1lu, nikoli na jedn\u00e1n\u00ed, kter\u00e9 m\u00e1 v\u00e9st k mimoarbitr\u00e1\u017en\u00edmu sm\u00edru. Pokud ale \u010desk\u00e1 strana prok\u00e1\u017ee jednozna\u010dn\u011b v\u016fli k dosa\u017een\u00ed dohody, jsme k n\u00ed ur\u010dit\u011b p\u0159ipraveni,&quot; cituje tot\u00e9\u017e prohl\u00e1\u0161en\u00ed p\u0159ekvapiv\u00e1 slova samotn\u00e9ho Catalfama. &quot;V podstat\u011b se p\u0159ijel p\u0159eptat, zda mu \u010desk\u00e1 strana n\u011bco nenab\u00eddne a nep\u0159edlo\u017eil \u017e\u00e1dn\u00e9 nov\u00e9 argumenty pro svoji pozici,&quot; \u0159ekl ke sch\u016fzce zdroj bl\u00edzk\u00fd rozhovoru.<\/p>\n<p>MF nevylu\u010duje dal\u0161\u00ed jedn\u00e1n\u00ed<\/p>\n<p>Jedn\u00e1n\u00ed prob\u011bhlo na ministerstvu financ\u00ed za \u00fa\u010dasti n\u00e1m\u011bstka ministra Ladislava Zelinky, z\u00e1stupc\u016f \u010cesk\u00e9 n\u00e1rodn\u00ed banky a pr\u00e1vn\u00edch z\u00e1stupc\u016f Invesmartu ze spole\u010dnosti Freshfields Bruckhaus Deringer. &quot;Jedn\u00e1n\u00ed nedosp\u011blo ke konkr\u00e9tn\u00edmu z\u00e1v\u011bru a nelze vylou\u010dit, \u017ee bude pokra\u010dovat,&quot; \u0159ekl k pr\u016fb\u011bhu sch\u016fzky mluv\u010d\u00ed ministerstva Marek Zeman. <\/p>\n<p>Invesmart B.V. je investi\u010dn\u00ed spole\u010dnost s italsk\u00fdm z\u00e1zem\u00edm registrovan\u00e1 v Nizozemsku. Invesmart se stal v\u011bt\u0161inov\u00fdm vlastn\u00edkem Union Group, ovl\u00e1daj\u00edc\u00ed Union banku v \u010dervnu 2002. Centr\u00e1ln\u00ed banka j\u00ed povolila vstup pod podm\u00ednkou pos\u00edlen\u00ed kapit\u00e1lu tohoto investora. Akcion\u00e1\u0159i Invesmartu toto pos\u00edlen\u00ed p\u0159isl\u00edbili, av\u0161ak do p\u00e1du banky k n\u011bmu nedo\u0161lo. Invesmart nam\u00edsto toho po\u017eadoval po \u010desk\u00e9m st\u00e1tu ve\u0159ejnou pomoc Union bance. V \u00fanoru 2003 banka uzav\u0159ela pobo\u010dky kv\u016fli nedostatku likvidity. \u010cNB pot\u00e9 bance odebrala bankovn\u00ed licenci a poslala ji do likvidace. <\/p>\n<p>Za hlavn\u00ed p\u0159\u00ed\u010dinu p\u00e1du banky jej\u00ed p\u0159edstavitel\u00e9 nep\u0159\u00edmo ozna\u010dili vysok\u00e9 objemy \u00fav\u011br\u016f poskytnut\u00fdch sp\u0159\u00edzn\u011bn\u00fdm osob\u00e1m. Pozd\u011bji byl na banku z popudu v\u011b\u0159itel\u016f prohl\u00e1\u0161en konkurs. V srpnu 2003 pak Invesmart a Paolo Catalfamo ozn\u00e1mili, \u017ee proti \u010cR zah\u00e1jili dv\u011b arbitr\u00e1\u017en\u00ed \u0159\u00edzen\u00ed. Vych\u00e1zej\u00ed z domn\u011bnky, \u017ee Union banka byla po\u0161kozena diskrimina\u010dn\u00edm jedn\u00e1n\u00edm st\u00e1tu, kter\u00fd pomohl n\u011bkter\u00fdm jin\u00fdm bank\u00e1m. Podle d\u0159\u00edv\u011bj\u0161\u00edch informac\u00ed chce Invesmart za zma\u0159enou investici po\u017eadovat n\u00e1hradu ve v\u00fd\u0161i deset miliard korun.<\/p>\n<p>Zdroj: Pr\u00e1vo<\/p>\n","protected":false},"excerpt":{"rendered":"<p>Ani\u017e by byl ochoten prezentovat \u010desk\u00e9 stran\u011b argumenty pro sv\u00e9 po\u017eadavky, p\u0159ijel v p\u00e1tek jednat o p\u0159\u00edpadn\u00e9m ukon\u010den\u00ed sporu s \u010ceskou republikou \u0161\u00e9f Invesmartu Paolo Catalfamo. Invesmart zah\u00e1jil arbitr\u00e1\u017e v\u016f\u010di \u010cR kv\u016fli sv\u00e9 investici do Union Group, ovl\u00e1daj\u00edc\u00ed Union banku. Ta se nyn\u00ed po odebr\u00e1n\u00ed bankovn\u00ed licence nach\u00e1z\u00ed v konkursu a likvidaci. Invesmart odm\u00edtl cel\u00fd\u2026 <span class=\"read-more\"><a href=\"https:\/\/www.unionbanka.cz\/?p=656\">Cel\u00fd \u010dl\u00e1nek &raquo;<\/a><\/span><\/p>\n","protected":false},"author":3,"featured_media":0,"comment_status":"closed","ping_status":"open","sticky":false,"template":"","format":"standard","meta":{"footnotes":""},"categories":[3],"tags":[],"_links":{"self":[{"href":"https:\/\/www.unionbanka.cz\/index.php?rest_route=\/wp\/v2\/posts\/656"}],"collection":[{"href":"https:\/\/www.unionbanka.cz\/index.php?rest_route=\/wp\/v2\/posts"}],"about":[{"href":"https:\/\/www.unionbanka.cz\/index.php?rest_route=\/wp\/v2\/types\/post"}],"author":[{"embeddable":true,"href":"https:\/\/www.unionbanka.cz\/index.php?rest_route=\/wp\/v2\/users\/3"}],"replies":[{"embeddable":true,"href":"https:\/\/www.unionbanka.cz\/index.php?rest_route=%2Fwp%2Fv2%2Fcomments&post=656"}],"version-history":[{"count":0,"href":"https:\/\/www.unionbanka.cz\/index.php?rest_route=\/wp\/v2\/posts\/656\/revisions"}],"wp:attachment":[{"href":"https:\/\/www.unionbanka.cz\/index.php?rest_route=%2Fwp%2Fv2%2Fmedia&parent=656"}],"wp:term":[{"taxonomy":"category","embeddable":true,"href":"https:\/\/www.unionbanka.cz\/index.php?rest_route=%2Fwp%2Fv2%2Fcategories&post=656"},{"taxonomy":"post_tag","embeddable":true,"href":"https:\/\/www.unionbanka.cz\/index.php?rest_route=%2Fwp%2Fv2%2Ftags&post=656"}],"curies":[{"name":"wp","href":"https:\/\/api.w.org\/{rel}","templated":true}]}}